{"id":9689,"date":"2015-11-24T00:50:21","date_gmt":"2015-11-24T02:50:21","guid":{"rendered":"https:\/\/faracodeazevedo.com.br\/?p=9689"},"modified":"2021-11-24T01:39:35","modified_gmt":"2021-11-24T04:39:35","slug":"homenagem-70-anos-da-consolidacao-das-leis-do-trabalho","status":"publish","type":"post","link":"https:\/\/faracodeazevedo.com.br\/index.php\/2015\/11\/24\/homenagem-70-anos-da-consolidacao-das-leis-do-trabalho\/","title":{"rendered":"Homenagem \u2013 70 anos da Consolida\u00e7\u00e3o das Leis do Trabalho"},"content":{"rendered":"\t\t<div data-elementor-type=\"wp-post\" data-elementor-id=\"9689\" class=\"elementor elementor-9689\" data-elementor-post-type=\"post\">\n\t\t\t\t\t\t<section class=\"elementor-section elementor-top-section elementor-element elementor-element-95df06d elementor-section-boxed elementor-section-height-default elementor-section-height-default\" data-id=\"95df06d\" data-element_type=\"section\">\n\t\t\t\t\t\t<div class=\"elementor-container elementor-column-gap-default\">\n\t\t\t\t\t<div class=\"elementor-column elementor-col-100 elementor-top-column elementor-element elementor-element-83a7b13\" data-id=\"83a7b13\" data-element_type=\"column\">\n\t\t\t<div class=\"elementor-widget-wrap elementor-element-populated\">\n\t\t\t\t\t\t<div class=\"elementor-element elementor-element-48f17ab elementor-widget elementor-widget-text-editor\" data-id=\"48f17ab\" data-element_type=\"widget\" data-widget_type=\"text-editor.default\">\n\t\t\t\t<div class=\"elementor-widget-container\">\n\t\t\t<style>\/*! elementor - v3.19.0 - 29-01-2024 *\/\n.elementor-widget-text-editor.elementor-drop-cap-view-stacked .elementor-drop-cap{background-color:#69727d;color:#fff}.elementor-widget-text-editor.elementor-drop-cap-view-framed .elementor-drop-cap{color:#69727d;border:3px solid;background-color:transparent}.elementor-widget-text-editor:not(.elementor-drop-cap-view-default) .elementor-drop-cap{margin-top:8px}.elementor-widget-text-editor:not(.elementor-drop-cap-view-default) .elementor-drop-cap-letter{width:1em;height:1em}.elementor-widget-text-editor .elementor-drop-cap{float:left;text-align:center;line-height:1;font-size:50px}.elementor-widget-text-editor .elementor-drop-cap-letter{display:inline-block}<\/style>\t\t\t\t<h2 class=\"col-md-6\">Homenagem \u2013 70 anos da Consolida\u00e7\u00e3o das Leis do Trabalho<\/h2>\t\t\t\t\t\t<\/div>\n\t\t\t\t<\/div>\n\t\t\t\t\t<\/div>\n\t\t<\/div>\n\t\t\t\t\t<\/div>\n\t\t<\/section>\n\t\t\t\t<section class=\"elementor-section elementor-top-section elementor-element elementor-element-fc3dd26 elementor-section-boxed elementor-section-height-default elementor-section-height-default\" data-id=\"fc3dd26\" data-element_type=\"section\">\n\t\t\t\t\t\t<div class=\"elementor-container elementor-column-gap-default\">\n\t\t\t\t\t<div class=\"elementor-column elementor-col-100 elementor-top-column elementor-element elementor-element-8ea2107\" data-id=\"8ea2107\" data-element_type=\"column\">\n\t\t\t<div class=\"elementor-widget-wrap elementor-element-populated\">\n\t\t\t\t\t\t<div class=\"elementor-element elementor-element-51237a4 elementor-widget elementor-widget-text-editor\" data-id=\"51237a4\" data-element_type=\"widget\" data-widget_type=\"text-editor.default\">\n\t\t\t\t<div class=\"elementor-widget-container\">\n\t\t\t\t\t\t\t<p>Ocorreu no dia 20 de maio de 2013, no Plen\u00e1rio do Tribunal Regional do Trabalho da 4\u00aa Regi\u00e3o, sess\u00e3o solene em comemora\u00e7\u00e3o aos 70 anos da Consolida\u00e7\u00e3o das Leis do Trabalho \u2013 CLT.<\/p><p>Na oportunidade, pela participa\u00e7\u00e3o na constru\u00e7\u00e3o da hist\u00f3ria da CLT, foram homenageados advogados, magistrados, dirigentes sindicais e associativos, servidores da Justi\u00e7a do Trabalho da 4\u00aa Regi\u00e3o e Entidades Representativas de Empregados e Empregadores.<\/p><p>Destaca-se a homenagem prestada\u00a0ao Dr. H\u00e9lio Faraco de Azevedo, assim como \u00e0 Federa\u00e7\u00e3o das Associa\u00e7\u00f5es Comerciais e de Servi\u00e7os do Rio Grande do Sul \u2013 FEDERASUL, representada seu pelo vice-presidente, Dr. Andr\u00e9 Jobim de Azevedo.<\/p><p>Foram entregues placas com agradecimento da Institui\u00e7\u00e3o pela vice-corregedora\u00a0Des.\u00aa Ana Rosa Pereira Zago Sagrilo,\u00a0e\u00a0pela\u00a0presidente\u00a0Des.\u00aa\u00a0Maria Helena Mallmann, respectivamente.<\/p><p>\u00a0<a href=\"http:\/\/www.faracodeazevedo.com.br\/wp-content\/uploads\/2013\/05\/Dr.-H%C3%A9lio1.jpg\"><img fetchpriority=\"high\" decoding=\"async\" class=\"alignleft size-medium wp-image-267\" title=\"Dr. H\u00e9lio Faraco de Azevedo\" src=\"http:\/\/www.faracodeazevedo.com.br\/wp-content\/uploads\/2013\/05\/Dr.-H%C3%A9lio1-300x198.jpg\" alt=\"\" width=\"300\" height=\"198\" \/><\/a><\/p>\t\t\t\t\t\t<\/div>\n\t\t\t\t<\/div>\n\t\t\t\t\t<\/div>\n\t\t<\/div>\n\t\t\t\t\t<\/div>\n\t\t<\/section>\n\t\t\t\t<\/div>\n\t\t","protected":false},"excerpt":{"rendered":"<p>Homenagem \u2013 70 anos da Consolida\u00e7\u00e3o das Leis do Trabalho Ocorreu no dia 20 de maio de 2013, no Plen\u00e1rio do Tribunal Regional do Trabalho da 4\u00aa Regi\u00e3o, sess\u00e3o solene em comemora\u00e7\u00e3o aos 70 anos da Consolida\u00e7\u00e3o das Leis do Trabalho \u2013 CLT. Na oportunidade, pela participa\u00e7\u00e3o na constru\u00e7\u00e3o da hist\u00f3ria da CLT, foram homenageados &hellip; <\/p>\n<p class=\"link-more\"><a href=\"https:\/\/faracodeazevedo.com.br\/index.php\/2015\/11\/24\/homenagem-70-anos-da-consolidacao-das-leis-do-trabalho\/\" class=\"more-link\">Continue lendo<span class=\"screen-reader-text\"> &#8220;Homenagem \u2013 70 anos da Consolida\u00e7\u00e3o das Leis do Trabalho&#8221;<\/span><\/a><\/p>\n","protected":false},"author":3,"featured_media":0,"comment_status":"open","ping_status":"open","sticky":false,"template":"elementor_header_footer","format":"standard","meta":{"footnotes":""},"categories":[1],"tags":[],"class_list":["post-9689","post","type-post","status-publish","format-standard","hentry","category-sem-categoria","entry"],"_links":{"self":[{"href":"https:\/\/faracodeazevedo.com.br\/index.php\/wp-json\/wp\/v2\/posts\/9689","targetHints":{"allow":["GET"]}}],"collection":[{"href":"https:\/\/faracodeazevedo.com.br\/index.php\/wp-json\/wp\/v2\/posts"}],"about":[{"href":"https:\/\/faracodeazevedo.com.br\/index.php\/wp-json\/wp\/v2\/types\/post"}],"author":[{"embeddable":true,"href":"https:\/\/faracodeazevedo.com.br\/index.php\/wp-json\/wp\/v2\/users\/3"}],"replies":[{"embeddable":true,"href":"https:\/\/faracodeazevedo.com.br\/index.php\/wp-json\/wp\/v2\/comments?post=9689"}],"version-history":[{"count":4,"href":"https:\/\/faracodeazevedo.com.br\/index.php\/wp-json\/wp\/v2\/posts\/9689\/revisions"}],"predecessor-version":[{"id":9693,"href":"https:\/\/faracodeazevedo.com.br\/index.php\/wp-json\/wp\/v2\/posts\/9689\/revisions\/9693"}],"wp:attachment":[{"href":"https:\/\/faracodeazevedo.com.br\/index.php\/wp-json\/wp\/v2\/media?parent=9689"}],"wp:term":[{"taxonomy":"category","embeddable":true,"href":"https:\/\/faracodeazevedo.com.br\/index.php\/wp-json\/wp\/v2\/categories?post=9689"},{"taxonomy":"post_tag","embeddable":true,"href":"https:\/\/faracodeazevedo.com.br\/index.php\/wp-json\/wp\/v2\/tags?post=9689"}],"curies":[{"name":"wp","href":"https:\/\/api.w.org\/{rel}","templated":true}]}}