{"id":9684,"date":"2015-11-24T00:48:15","date_gmt":"2015-11-24T02:48:15","guid":{"rendered":"https:\/\/faracodeazevedo.com.br\/?p=9684"},"modified":"2021-11-24T01:39:21","modified_gmt":"2021-11-24T04:39:21","slug":"expressoes-do-tempo","status":"publish","type":"post","link":"https:\/\/faracodeazevedo.com.br\/index.php\/2015\/11\/24\/expressoes-do-tempo\/","title":{"rendered":"Express\u00f5es do Tempo"},"content":{"rendered":"\t\t<div data-elementor-type=\"wp-post\" data-elementor-id=\"9684\" class=\"elementor elementor-9684\" data-elementor-post-type=\"post\">\n\t\t\t\t\t\t<section class=\"elementor-section elementor-top-section elementor-element elementor-element-a577aa4 elementor-section-boxed elementor-section-height-default elementor-section-height-default\" data-id=\"a577aa4\" data-element_type=\"section\">\n\t\t\t\t\t\t<div class=\"elementor-container elementor-column-gap-default\">\n\t\t\t\t\t<div class=\"elementor-column elementor-col-100 elementor-top-column elementor-element elementor-element-d2b3be7\" data-id=\"d2b3be7\" data-element_type=\"column\">\n\t\t\t<div class=\"elementor-widget-wrap elementor-element-populated\">\n\t\t\t\t\t\t<div class=\"elementor-element elementor-element-1a6c6ad elementor-widget elementor-widget-text-editor\" data-id=\"1a6c6ad\" data-element_type=\"widget\" data-widget_type=\"text-editor.default\">\n\t\t\t\t<div class=\"elementor-widget-container\">\n\t\t\t<style>\/*! elementor - v3.19.0 - 29-01-2024 *\/\n.elementor-widget-text-editor.elementor-drop-cap-view-stacked .elementor-drop-cap{background-color:#69727d;color:#fff}.elementor-widget-text-editor.elementor-drop-cap-view-framed .elementor-drop-cap{color:#69727d;border:3px solid;background-color:transparent}.elementor-widget-text-editor:not(.elementor-drop-cap-view-default) .elementor-drop-cap{margin-top:8px}.elementor-widget-text-editor:not(.elementor-drop-cap-view-default) .elementor-drop-cap-letter{width:1em;height:1em}.elementor-widget-text-editor .elementor-drop-cap{float:left;text-align:center;line-height:1;font-size:50px}.elementor-widget-text-editor .elementor-drop-cap-letter{display:inline-block}<\/style>\t\t\t\t<h2 class=\"col-md-6\">Express\u00f5es do Tempo<\/h2>\t\t\t\t\t\t<\/div>\n\t\t\t\t<\/div>\n\t\t\t\t\t<\/div>\n\t\t<\/div>\n\t\t\t\t\t<\/div>\n\t\t<\/section>\n\t\t\t\t<section class=\"elementor-section elementor-top-section elementor-element elementor-element-c95a440 elementor-section-boxed elementor-section-height-default elementor-section-height-default\" data-id=\"c95a440\" data-element_type=\"section\">\n\t\t\t\t\t\t<div class=\"elementor-container elementor-column-gap-default\">\n\t\t\t\t\t<div class=\"elementor-column elementor-col-100 elementor-top-column elementor-element elementor-element-f263a24\" data-id=\"f263a24\" data-element_type=\"column\">\n\t\t\t<div class=\"elementor-widget-wrap elementor-element-populated\">\n\t\t\t\t\t\t<div class=\"elementor-element elementor-element-2e0d262 elementor-widget elementor-widget-text-editor\" data-id=\"2e0d262\" data-element_type=\"widget\" data-widget_type=\"text-editor.default\">\n\t\t\t\t<div class=\"elementor-widget-container\">\n\t\t\t\t\t\t\t<p>No dia 21 de maio de 2013, na\u00a0Livraria Saraiva\u00a0do Shopping Praia de Belas, ocorreu o lan\u00e7amento do livro Express\u00f5es do Tempo, de autoria de H\u00e9lio Faraco de Azevedo.<\/p><p>Nesta obra, o s\u00f3cio-fundador da Faraco de Azevedo Advogados expressa, por meio de cr\u00f4nicas, percep\u00e7\u00f5es\u00a0referentes aos mais relevantes temas hodiernos. \u00c0 luz de mais de 62 anos de intensa\u00a0atividade profissional, o autor explicita sua vis\u00e3o de mundo com comparativos temporais pontuais de quest\u00f5es que comp\u00f5e nossas preocupa\u00e7\u00f5es cotidianas.<\/p><p>N\u00e3o obstante \u00e0s\u00a0cr\u00edticas pol\u00edticas, comportamentais, e sociais, cumpre destacar os ex\u00edmios registros atinentes ao ordenamento jur\u00eddicio p\u00e1trio. Nesse passo, a\u00a0t\u00edtulo exemplificativo, ressalta-se o teor das cr\u00f4nicas\u00a0<em>Greve, Concurso P\u00fablico, Advocacia,\u00a0e A Suprema Corte,\u00a0<\/em>os quais, sopesando os meandros da pr\u00f3pria hist\u00f3ria, demonstram a percep\u00e7\u00e3o de H\u00e9lio Faraco de Azevedo\u00a0sobre o Direito Brasileiro.<\/p>\t\t\t\t\t\t<\/div>\n\t\t\t\t<\/div>\n\t\t\t\t\t<\/div>\n\t\t<\/div>\n\t\t\t\t\t<\/div>\n\t\t<\/section>\n\t\t\t\t<\/div>\n\t\t","protected":false},"excerpt":{"rendered":"<p>Express\u00f5es do Tempo No dia 21 de maio de 2013, na\u00a0Livraria Saraiva\u00a0do Shopping Praia de Belas, ocorreu o lan\u00e7amento do livro Express\u00f5es do Tempo, de autoria de H\u00e9lio Faraco de Azevedo. Nesta obra, o s\u00f3cio-fundador da Faraco de Azevedo Advogados expressa, por meio de cr\u00f4nicas, percep\u00e7\u00f5es\u00a0referentes aos mais relevantes temas hodiernos. \u00c0 luz de mais &hellip; <\/p>\n<p class=\"link-more\"><a href=\"https:\/\/faracodeazevedo.com.br\/index.php\/2015\/11\/24\/expressoes-do-tempo\/\" class=\"more-link\">Continue lendo<span class=\"screen-reader-text\"> &#8220;Express\u00f5es do Tempo&#8221;<\/span><\/a><\/p>\n","protected":false},"author":3,"featured_media":0,"comment_status":"open","ping_status":"open","sticky":false,"template":"elementor_header_footer","format":"standard","meta":{"footnotes":""},"categories":[1],"tags":[],"class_list":["post-9684","post","type-post","status-publish","format-standard","hentry","category-sem-categoria","entry"],"_links":{"self":[{"href":"https:\/\/faracodeazevedo.com.br\/index.php\/wp-json\/wp\/v2\/posts\/9684","targetHints":{"allow":["GET"]}}],"collection":[{"href":"https:\/\/faracodeazevedo.com.br\/index.php\/wp-json\/wp\/v2\/posts"}],"about":[{"href":"https:\/\/faracodeazevedo.com.br\/index.php\/wp-json\/wp\/v2\/types\/post"}],"author":[{"embeddable":true,"href":"https:\/\/faracodeazevedo.com.br\/index.php\/wp-json\/wp\/v2\/users\/3"}],"replies":[{"embeddable":true,"href":"https:\/\/faracodeazevedo.com.br\/index.php\/wp-json\/wp\/v2\/comments?post=9684"}],"version-history":[{"count":4,"href":"https:\/\/faracodeazevedo.com.br\/index.php\/wp-json\/wp\/v2\/posts\/9684\/revisions"}],"predecessor-version":[{"id":9688,"href":"https:\/\/faracodeazevedo.com.br\/index.php\/wp-json\/wp\/v2\/posts\/9684\/revisions\/9688"}],"wp:attachment":[{"href":"https:\/\/faracodeazevedo.com.br\/index.php\/wp-json\/wp\/v2\/media?parent=9684"}],"wp:term":[{"taxonomy":"category","embeddable":true,"href":"https:\/\/faracodeazevedo.com.br\/index.php\/wp-json\/wp\/v2\/categories?post=9684"},{"taxonomy":"post_tag","embeddable":true,"href":"https:\/\/faracodeazevedo.com.br\/index.php\/wp-json\/wp\/v2\/tags?post=9684"}],"curies":[{"name":"wp","href":"https:\/\/api.w.org\/{rel}","templated":true}]}}