{"id":9621,"date":"2015-11-24T00:19:29","date_gmt":"2015-11-24T02:19:29","guid":{"rendered":"https:\/\/faracodeazevedo.com.br\/?p=9621"},"modified":"2021-11-24T01:37:07","modified_gmt":"2021-11-24T04:37:07","slug":"academia-brasileira-de-direito-do-trabalho","status":"publish","type":"post","link":"https:\/\/faracodeazevedo.com.br\/index.php\/2015\/11\/24\/academia-brasileira-de-direito-do-trabalho\/","title":{"rendered":"Academia Brasileira de Direito do Trabalho"},"content":{"rendered":"\t\t<div data-elementor-type=\"wp-post\" data-elementor-id=\"9621\" class=\"elementor elementor-9621\" data-elementor-post-type=\"post\">\n\t\t\t\t\t\t<section class=\"elementor-section elementor-top-section elementor-element elementor-element-4e3d502 elementor-section-boxed elementor-section-height-default elementor-section-height-default\" data-id=\"4e3d502\" data-element_type=\"section\">\n\t\t\t\t\t\t<div class=\"elementor-container elementor-column-gap-default\">\n\t\t\t\t\t<div class=\"elementor-column elementor-col-100 elementor-top-column elementor-element elementor-element-252f5b4\" data-id=\"252f5b4\" data-element_type=\"column\">\n\t\t\t<div class=\"elementor-widget-wrap elementor-element-populated\">\n\t\t\t\t\t\t<div class=\"elementor-element elementor-element-ae55c98 elementor-widget elementor-widget-text-editor\" data-id=\"ae55c98\" data-element_type=\"widget\" data-widget_type=\"text-editor.default\">\n\t\t\t\t<div class=\"elementor-widget-container\">\n\t\t\t<style>\/*! elementor - v3.19.0 - 29-01-2024 *\/\n.elementor-widget-text-editor.elementor-drop-cap-view-stacked .elementor-drop-cap{background-color:#69727d;color:#fff}.elementor-widget-text-editor.elementor-drop-cap-view-framed .elementor-drop-cap{color:#69727d;border:3px solid;background-color:transparent}.elementor-widget-text-editor:not(.elementor-drop-cap-view-default) .elementor-drop-cap{margin-top:8px}.elementor-widget-text-editor:not(.elementor-drop-cap-view-default) .elementor-drop-cap-letter{width:1em;height:1em}.elementor-widget-text-editor .elementor-drop-cap{float:left;text-align:center;line-height:1;font-size:50px}.elementor-widget-text-editor .elementor-drop-cap-letter{display:inline-block}<\/style>\t\t\t\t<h2 class=\"col-md-6\">Academia Brasileira de Direito do Trabalho<\/h2>\t\t\t\t\t\t<\/div>\n\t\t\t\t<\/div>\n\t\t\t\t\t<\/div>\n\t\t<\/div>\n\t\t\t\t\t<\/div>\n\t\t<\/section>\n\t\t\t\t<section class=\"elementor-section elementor-top-section elementor-element elementor-element-90b4ac3 elementor-section-boxed elementor-section-height-default elementor-section-height-default\" data-id=\"90b4ac3\" data-element_type=\"section\">\n\t\t\t\t\t\t<div class=\"elementor-container elementor-column-gap-default\">\n\t\t\t\t\t<div class=\"elementor-column elementor-col-100 elementor-top-column elementor-element elementor-element-b9a7190\" data-id=\"b9a7190\" data-element_type=\"column\">\n\t\t\t<div class=\"elementor-widget-wrap elementor-element-populated\">\n\t\t\t\t\t\t<div class=\"elementor-element elementor-element-e3b67d9 elementor-widget elementor-widget-text-editor\" data-id=\"e3b67d9\" data-element_type=\"widget\" data-widget_type=\"text-editor.default\">\n\t\t\t\t<div class=\"elementor-widget-container\">\n\t\t\t\t\t\t\t<p>O escrit\u00f3rio Faraco de Azevedo Advogados tem a honra de contar \u00a0a participa\u00e7\u00e3o de seu s\u00f3cio Professor Andr\u00e9 Jobim de Azevedo, como membro eleito para titular a Cadeira n\u00ba 89 da Academia \u00a0Nacional de Direito do Trabalho no m\u00eas de junho de 2013. A posse est\u00e1 prevista para realizar-se em Recife final de outubro. Tratase de singular participa\u00e7\u00e3o na Academia que re\u00fane 100 dos mais importantes jus laboralistas do Pa\u00eds que fomentam a disciplina no Pa\u00eds e \u00a0mundo.<\/p>\t\t\t\t\t\t<\/div>\n\t\t\t\t<\/div>\n\t\t\t\t\t<\/div>\n\t\t<\/div>\n\t\t\t\t\t<\/div>\n\t\t<\/section>\n\t\t\t\t<\/div>\n\t\t","protected":false},"excerpt":{"rendered":"<p>Academia Brasileira de Direito do Trabalho O escrit\u00f3rio Faraco de Azevedo Advogados tem a honra de contar \u00a0a participa\u00e7\u00e3o de seu s\u00f3cio Professor Andr\u00e9 Jobim de Azevedo, como membro eleito para titular a Cadeira n\u00ba 89 da Academia \u00a0Nacional de Direito do Trabalho no m\u00eas de junho de 2013. A posse est\u00e1 prevista para realizar-se &hellip; <\/p>\n<p class=\"link-more\"><a href=\"https:\/\/faracodeazevedo.com.br\/index.php\/2015\/11\/24\/academia-brasileira-de-direito-do-trabalho\/\" class=\"more-link\">Continue lendo<span class=\"screen-reader-text\"> &#8220;Academia Brasileira de Direito do Trabalho&#8221;<\/span><\/a><\/p>\n","protected":false},"author":3,"featured_media":0,"comment_status":"open","ping_status":"open","sticky":false,"template":"elementor_header_footer","format":"standard","meta":{"footnotes":""},"categories":[1],"tags":[],"class_list":["post-9621","post","type-post","status-publish","format-standard","hentry","category-sem-categoria","entry"],"_links":{"self":[{"href":"https:\/\/faracodeazevedo.com.br\/index.php\/wp-json\/wp\/v2\/posts\/9621","targetHints":{"allow":["GET"]}}],"collection":[{"href":"https:\/\/faracodeazevedo.com.br\/index.php\/wp-json\/wp\/v2\/posts"}],"about":[{"href":"https:\/\/faracodeazevedo.com.br\/index.php\/wp-json\/wp\/v2\/types\/post"}],"author":[{"embeddable":true,"href":"https:\/\/faracodeazevedo.com.br\/index.php\/wp-json\/wp\/v2\/users\/3"}],"replies":[{"embeddable":true,"href":"https:\/\/faracodeazevedo.com.br\/index.php\/wp-json\/wp\/v2\/comments?post=9621"}],"version-history":[{"count":4,"href":"https:\/\/faracodeazevedo.com.br\/index.php\/wp-json\/wp\/v2\/posts\/9621\/revisions"}],"predecessor-version":[{"id":9625,"href":"https:\/\/faracodeazevedo.com.br\/index.php\/wp-json\/wp\/v2\/posts\/9621\/revisions\/9625"}],"wp:attachment":[{"href":"https:\/\/faracodeazevedo.com.br\/index.php\/wp-json\/wp\/v2\/media?parent=9621"}],"wp:term":[{"taxonomy":"category","embeddable":true,"href":"https:\/\/faracodeazevedo.com.br\/index.php\/wp-json\/wp\/v2\/categories?post=9621"},{"taxonomy":"post_tag","embeddable":true,"href":"https:\/\/faracodeazevedo.com.br\/index.php\/wp-json\/wp\/v2\/tags?post=9621"}],"curies":[{"name":"wp","href":"https:\/\/api.w.org\/{rel}","templated":true}]}}