{"id":10094,"date":"2022-02-25T13:38:13","date_gmt":"2022-02-25T16:38:13","guid":{"rendered":"https:\/\/faracodeazevedo.com.br\/?p=10094"},"modified":"2022-02-25T13:38:13","modified_gmt":"2022-02-25T16:38:13","slug":"direito-processual-do-trabalho-no-exercicio-da-advocacia-alguns-aspectos-de-destaque-processual","status":"publish","type":"post","link":"https:\/\/faracodeazevedo.com.br\/index.php\/2022\/02\/25\/direito-processual-do-trabalho-no-exercicio-da-advocacia-alguns-aspectos-de-destaque-processual\/","title":{"rendered":"Direito Processual do Trabalho no exerc\u00edcio da advocacia Alguns Aspectos de destaque processual"},"content":{"rendered":"\t\t<div data-elementor-type=\"wp-post\" data-elementor-id=\"10094\" class=\"elementor elementor-10094\" data-elementor-post-type=\"post\">\n\t\t\t\t\t\t<section class=\"elementor-section elementor-top-section elementor-element elementor-element-21a4f322 elementor-section-boxed elementor-section-height-default elementor-section-height-default\" data-id=\"21a4f322\" data-element_type=\"section\">\n\t\t\t\t\t\t<div class=\"elementor-container elementor-column-gap-default\">\n\t\t\t\t\t<div class=\"elementor-column elementor-col-100 elementor-top-column elementor-element elementor-element-1d23ec1e\" data-id=\"1d23ec1e\" data-element_type=\"column\">\n\t\t\t<div class=\"elementor-widget-wrap elementor-element-populated\">\n\t\t\t\t\t\t<div class=\"elementor-element elementor-element-5a137aff elementor-widget elementor-widget-text-editor\" data-id=\"5a137aff\" data-element_type=\"widget\" data-widget_type=\"text-editor.default\">\n\t\t\t\t<div class=\"elementor-widget-container\">\n\t\t\t<style>\/*! elementor - v3.19.0 - 29-01-2024 *\/\n.elementor-widget-text-editor.elementor-drop-cap-view-stacked .elementor-drop-cap{background-color:#69727d;color:#fff}.elementor-widget-text-editor.elementor-drop-cap-view-framed .elementor-drop-cap{color:#69727d;border:3px solid;background-color:transparent}.elementor-widget-text-editor:not(.elementor-drop-cap-view-default) .elementor-drop-cap{margin-top:8px}.elementor-widget-text-editor:not(.elementor-drop-cap-view-default) .elementor-drop-cap-letter{width:1em;height:1em}.elementor-widget-text-editor .elementor-drop-cap{float:left;text-align:center;line-height:1;font-size:50px}.elementor-widget-text-editor .elementor-drop-cap-letter{display:inline-block}<\/style>\t\t\t\t<h6 style=\"text-align: right;\"><span style=\"color: #000000;\">Andr\u00e9 Jobim de Azevedo<\/span><\/h6><p><span style=\"color: #000000;\"><strong>I Introdu\u00e7\u00e3o<\/strong><\/span><\/p><p><span style=\"color: #000000;\">\u00a0A provoca\u00e7\u00e3o dos colegas coordenadores da obra no que respeita a enfocarmos a reforma sob o ponto de vista da advocacia \u00e9 interessant\u00edssima. Para al\u00e9m dos titulares dos direitos materiais enormemente atualizados e alterados, a reforma trazida pela Lei13467\/17 e sujeita ainda a nova mudan\u00e7a pela avalia\u00e7\u00e3o do incidente MP 808\/17, mas ainda n\u00e3o apreciada pelo Congresso Nacional, atinge profundamente a advocacia.<\/span><\/p><p><span style=\"color: #000000;\">Isto porque, e \u00e9 por todos sabido, o direito processual, realizador e protetor do direito material contra amea\u00e7a e infra\u00e7\u00e3o ao direito material, que tem no processo seu instrumento civilizado de cumprimento das normas contidas no ordenamento, \u00e9 pe\u00e7a fundamental nas mudan\u00e7as que hoje enfrentamos.<\/span><\/p><p><span style=\"color: #000000;\">Igualmente no centro das discuss\u00f5es, os novos caminhos alterados para manejo de uma s\u00e9rie de direitos praticados nos procedimentos judiciais \u2013 e ora noutros extrajudiciais \u2013 \u00e9 capaz de asseverar os novos destinos das rela\u00e7\u00f5es de trabalho.<\/span><\/p><p><span style=\"color: #000000;\">Para tanto, vale-se do profissional do direito no particular do exerc\u00edcio da advocacia, que \u00e9 quem representa o interessado em eventual conflito. N\u00e3o sem real\u00e7ar a norma do artigo 133 da Constitui\u00e7\u00e3o Federal que assevera a sua indispensabilidade para a administra\u00e7\u00e3o da Justi\u00e7a, ainda, contudo, restando vozes isoladas que sustentem a sobreviv\u00eancia do \u201cjus postulandi\u201d.<\/span><\/p><p><span style=\"color: #000000;\">Assim \u00e9 que buscar enfrentar as noveis altera\u00e7\u00f5es materiais e processuais, pela \u00f3tica do seu agente de cumprimento, o advogado \u2013 \u00e9 fundamental. Ali\u00e1s nunca deixou de estar no centro da discuss\u00e3o com papel relevante.<\/span><\/p><p><span style=\"color: #000000;\">A advocacia se altera, e creio para melhor. \u00a0Desde a recente altera\u00e7\u00e3o do C\u00f3digo de Processo Civil, de aplica\u00e7\u00e3o subsidi\u00e1ria ao processo do trabalho por for\u00e7a na norma do artigo 769 da CLT, e agora com a extensa reforma trabalhista vigente, novo enfoque deve ser dado.<\/span><\/p><p><span style=\"color: #000000;\">S\u00e3o outros os rumos de atua\u00e7\u00e3o na solu\u00e7\u00e3o dos conflitos, iniciada por matrizes processuais civis, mas ora renovadas na Reforma Trabalhista. Busca-se afastar a no\u00e7\u00e3o adversarial, fala-se em coopera\u00e7\u00e3o em busca de efetiva solu\u00e7\u00e3o para os conflitos. Para tanto exalta os M\u00e9todos Extrajudiciais de Solu\u00e7\u00e3o de Conflitos, prestigiando a concilia\u00e7\u00e3o, a media\u00e7\u00e3o e a arbitragem.\u00a0\u00a0\u00a0\u00a0\u00a0\u00a0\u00a0\u00a0\u00a0\u00a0\u00a0\u00a0\u00a0\u00a0\u00a0\u00a0\u00a0\u00a0\u00a0\u00a0\u00a0\u00a0\u00a0\u00a0\u00a0\u00a0\u00a0\u00a0\u00a0\u00a0\u00a0<\/span><\/p><p><span style=\"color: #000000;\">Pois tais mudan\u00e7as, recentes, ainda est\u00e3o sendo objeto n\u00e3o s\u00f3 de avalia\u00e7\u00e3o e interpreta\u00e7\u00e3o, bem como de hesitante inicial jurisprud\u00eancia, ainda n\u00e3o uniformes.<\/span><\/p><p><span style=\"color: #000000;\">\u00a0Com o risco inerente \u00e0s primeiras interpreta\u00e7\u00f5es acerca de t\u00e3o complexo texto legal, a discuss\u00e3o promete ser bastante acalorada.\u00a0 S\u00e3o muitos- e distintos \u2013 os entendimentos sobre as novas normativas, para a qual se pretende alcan\u00e7ar elementos e argumentos capazes de melhor aplic\u00e1-las.<\/span><\/p><p><span style=\"color: #000000;\">\u00a0A proposi\u00e7\u00e3o articulada ora enfocada a advocacia -sem, contudo, esgotar o tema &#8211;\u00a0 \u00a0busca realizar abordagem relativa ao novel mundo do trabalho, do direito do trabalho e processual do trabalho, seu espa\u00e7o constitucional e sua efetiva incid\u00eancia em foros de realidade contempor\u00e2nea, tudo no exerc\u00edcio di\u00e1rio da advocacia.<\/span><\/p><p><span style=\"color: #000000;\">As altera\u00e7\u00f5es est\u00e3o a exigir dos agentes advogados uma nova postura, ainda mais respons\u00e1vel com muitas consequ\u00eancias no futuro das rela\u00e7\u00f5es do trabalho, sempre diretamente ligada aos processos judiciais que buscam resolver milhares de conflitos.<\/span><\/p><p>\u00a0<\/p><p><span style=\"color: #000000;\"><strong>II A Reforma Trabalhista e o novo mundo do Trabalho. Reforma do Processo.<\/strong><\/span><\/p><p>\u00a0<\/p><p><span style=\"color: #000000;\">Admir\u00e1vel mundo novo nos cerca nesta segunda d\u00e9cada do s\u00e9culo XXI. \u00c9 surpreendente o que, por vezes n\u00e3o percebemos, mas \u00e9 a atual realidade. A evolu\u00e7\u00e3o dos meios de transporte e de comunica\u00e7\u00e3o parecem ter-nos levado a este estado de coisas. Vivemos a era da tecnologia e da velocidade. Para tudo. Comunicamo-nos com inimagin\u00e1vel velocidade e somos capazes de atingir a qualquer localidade do globo em quest\u00e3o de horas. Assistimos fatos onde quer que eles aconte\u00e7am segundos ou minutos ap\u00f3s sua efetiva\u00e7\u00e3o, em vivas reprodu\u00e7\u00f5es filmadas e sonorizadas, muitas vezes ao vivo. O mundo parece pequeno. As redes sociais est\u00e3o a\u00ed para comprovar.<\/span><\/p><p><span style=\"color: #000000;\">Essa condi\u00e7\u00e3o que nos cerca nos faz part\u00edcipes desse cen\u00e1rio contempor\u00e2neo n\u00e3o como meros expectadores ou testemunhas, mas verdadeiros atores e protagonistas.<\/span><\/p><p><span style=\"color: #000000;\">Ao mesmo tempo perderam-se as refer\u00eancias antes vigentes relativas \u00e0s grandes na\u00e7\u00f5es, aos grandes l\u00edderes, \u00e0s institui\u00e7\u00f5es, \u00e0s tradi\u00e7\u00f5es, \u00e0s profiss\u00f5es, aos partidos pol\u00edticos e \u00e0s agremia\u00e7\u00f5es. O centro do mundo passa a ser o indiv\u00edduo, como auto refer\u00eancia, convivendo com a enorme diversidade e pluralidade evidentes. As no\u00e7\u00f5es de destaque social ef\u00eameras e calcadas nas mais diversas situa\u00e7\u00f5es e dilui\u00e7\u00e3o ou fragilidade de lideran\u00e7as capazes de bem estimular vis\u00f5es mais pr\u00f3prias da corrente atribulada vida contempor\u00e2nea&#8230;<\/span><\/p><p><span style=\"color: #000000;\">A vida realmente est\u00e1 diferente e o mundo em constante muta\u00e7\u00e3o. Decorrem da\u00ed significativas altera\u00e7\u00f5es no mundo econ\u00f4mico e nele o mundo do trabalho.<\/span><\/p><p><span style=\"color: #000000;\">As rela\u00e7\u00f5es de trabalho que comp\u00f5e estas observa\u00e7\u00f5es por certo tamb\u00e9m s\u00e3o bastante distintas daquelas que historicamente manejamos. Por igual os sujeitos sociais e sujeitos econ\u00f4micos desse processo produtivo igualmente distinguem-se.<\/span><\/p><p><span style=\"color: #000000;\">Atribuo \u00e0 essa novel condi\u00e7\u00e3o produtiva e mercadol\u00f3gica altera\u00e7\u00f5es patentes na sociedade e necessariamente em seus sujeitos econ\u00f4micos e n\u00e3o econ\u00f4micos, onde causa e efeito se confundem.\u00a0\u00a0\u00a0\u00a0\u00a0\u00a0\u00a0\u00a0\u00a0\u00a0\u00a0\u00a0\u00a0\u00a0\u00a0\u00a0<\/span><\/p><p><span style=\"color: #000000;\">As rela\u00e7\u00f5es econ\u00f4micas at\u00e9 a bem pouco tempo atr\u00e1s eram restritas, limitadas e envolviam n\u00fameros muit\u00edssimo menores de sujeitos. O mundo cresceu e ao mesmo tempo tornou-se menor.\u00a0 O mundo do trabalho tem direto reflexo da nova realidade.<\/span><\/p><p><span style=\"color: #000000;\">Recentemente o mundo produtivo buscava atender \u00e0s necessidades vizinhas de bens produtos e servi\u00e7os e a preocupa\u00e7\u00e3o dos neg\u00f3cios estabelecia-se\u00a0\u00a0 partir de no\u00e7\u00e3o t\u00edmida, acanhada, de competi\u00e7\u00e3o com conhecidos concorrentes, da rua, da cidade, do estado, do pa\u00eds, este \u00faltimo apenas para os grandes agentes da produ\u00e7\u00e3o que conseguiam avan\u00e7ar para atua\u00e7\u00f5es nacionalmente ocorrentes.<\/span><\/p><p><span style=\"color: #000000;\">A percep\u00e7\u00e3o, contudo, de que as dist\u00e2ncias encurtaram e que os horizontes produtivos elasteceram tornou-se um fato. Deixa-se apenas de focar a atua\u00e7\u00e3o produtiva e comercial em seu redor geogr\u00e1fico para perceber um entorno ilimitadamente existente e capaz de amea\u00e7ar a qualquer um e a todos, por conta de disputas que v\u00e3o para muito al\u00e9m dos limites hist\u00f3ricos e geogr\u00e1ficos referidos.\u00a0<\/span><\/p><p><span style=\"color: #000000;\">Ao mesmo tempo, a perspectiva de livre circula\u00e7\u00e3o do trabalhador pelo mundo recrudesce, limitando-se a situa\u00e7\u00e3o internamente aos grandes mercados comuns, mas que convive com in\u00fameras atividades que passaram a desnecessitar a presen\u00e7a f\u00edsica dos trabalhadores no antes local de trabalho, com pouco ou nenhum preju\u00edzo de sua aus\u00eancia, e at\u00e9 com vantagens significativas. Os meios telem\u00e1ticos de contribui\u00e7\u00e3o insuper\u00e1vel para isto, est\u00e3o envolvidos com a vida acentuadamente urbana. Conviv\u00eancia essa centralizada nas cidades, que n\u00e3o mais comportam\u00a0\u00a0 tanto atropelo, resultando em enormes dificuldades de mobilidade urbana.<\/span><\/p><p><span style=\"color: #000000;\">A facilidade de comunica\u00e7\u00e3o e transporte de bens, mercadorias e pessoas ensejou mudan\u00e7as significativas na vida econ\u00f4mica do planeta e na atua\u00e7\u00e3o empresarial. Descobriu-se no oriente global, regi\u00e3o do planeta de abundante m\u00e3o de obra e condi\u00e7\u00f5es de produ\u00e7\u00e3o infinitamente melhores e mais econ\u00f4micas do que aquelas existentes nos pr\u00f3prios locais origin\u00e1rios de produ\u00e7\u00e3o e consumo desta. Para l\u00e1 foram transferidas unidades empresarias completas que se justificavam por essa vantagem econ\u00f4mica que a dist\u00e2ncia, antes intranspon\u00edvel, ora se supera pelo moderno transporte global. \u00c9 imperiosa a altera\u00e7\u00e3o e transfer\u00eancia do resultado do trabalho, de sua produ\u00e7\u00e3o aos destinos de uso e consumo em volumes gigantescos e cuja escala barateia novas linhas de distribui\u00e7\u00e3o.<\/span><\/p><p><span style=\"color: #000000;\">Pontuando esta situa\u00e7\u00e3o, toma-se seu principal exemplo a China, mas n\u00e3o o \u00fanico, que encharca o mundo com todo o tipo e produtos l\u00e1 produzidos que s\u00e3o entregues mundo a fora com pre\u00e7os FOB (\u201cFree on Board\u201d), em condi\u00e7\u00f5es capazes de arrasar qualquer produ\u00e7\u00e3o local. Condi\u00e7\u00f5es absolutamente impr\u00f3prias de competi\u00e7\u00e3o e que demandam medidas dif\u00edceis de conten\u00e7\u00e3o desta situa\u00e7\u00e3o.<\/span><\/p><p><span style=\"color: #000000;\">V\u00e1rias s\u00e3o as raz\u00f5es para estes resultados. Inicialmente refira-se que um pa\u00eds que tem mais de 1.3 bilh\u00f5es de habitantes tem indiscutivelmente massa de trabalhadores dispon\u00edveis e capazes de compor m\u00e3o de obra abundante com consequente redu\u00e7\u00e3o no custo do trabalho.\u00a0 Junte-se a isso a obedi\u00eancia e disciplina impostas pela for\u00e7a dos regimes pol\u00edticos e pouco tamb\u00e9m por quest\u00f5es culturais hist\u00f3ricas. Caracter\u00edsticas estes presentes nesta regi\u00e3o do globo e n\u00e3o apenas no pa\u00eds exemplificado.<\/span><\/p><p><span style=\"color: #000000;\">A globaliza\u00e7\u00e3o da economia como norte competitivo impondo \u00e0 produ\u00e7\u00e3o cada vez maior especializa\u00e7\u00e3o e qualifica\u00e7\u00e3o, pena de quebra do neg\u00f3cio. Cinde-se o processo produtivo como forma dessa melhoria de atua\u00e7\u00e3o necess\u00e1ria. Entrega-se a terceiras partes n\u00e3o ess\u00eancias ou final\u00edsticas do trabalho, \u00e0queles que tenham estas atua\u00e7\u00f5es parciais como cerne da sua atividade, e, portanto, com condi\u00e7\u00f5es de melhor fabricar, prestar servi\u00e7os, compondo um todo de melhor resultado final. \u00c9 a participa\u00e7\u00e3o coletiva e seriada de v\u00e1rias empresas, cada uma com seu mister para atender \u00e0s exig\u00eancias de consumo, cada vez mais intensas.<\/span><\/p><p><span style=\"color: #000000;\">A inafast\u00e1vel necessidade de aprimoramento da gest\u00e3o e administra\u00e7\u00e3o empresariais \u00e9 quest\u00e3o de sobreviv\u00eancia, n\u00e3o s\u00f3 da pessoa jur\u00eddica, mas especialmente para aqueles que de seu trabalho dependem.\u00a0 A pr\u00f3pria empresa precisa readequar-se \u00e0s novas exig\u00eancias de seus clientes, da sociedade, do mercado, sem os quais n\u00e3o tem qualquer possibilidade futura ou mesmo presente.<\/span><\/p><p><span style=\"color: #000000;\">\u00c9 assim uma realidade desafiadora, que ao lado dessas observa\u00e7\u00f5es, maneja por igual, assento constitucional que n\u00e3o s\u00f3 evidencia a necessidade de prote\u00e7\u00e3o do ser humano em sua condi\u00e7\u00e3o individual e de dignidade, e entre estes o trabalhador, mas tamb\u00e9m o adequado exerc\u00edcio da atividade produtiva e econ\u00f4mica com liberdade capaz de manter poss\u00edvel e vi\u00e1vel aqueles que concedem o trabalho.<\/span><\/p><p><span style=\"color: #000000;\">\u00c9 neste cen\u00e1rio que foi promulgada a na Lei n. 13.467, de 13 de julho de 2017, publicada no DOU de 14 de julho de 2017, j\u00e1 em vigor, e rapidamente Editada a Medida Provis\u00f3ria 808\/17, com proposi\u00e7\u00e3o de altera\u00e7\u00f5es e que no mundo da advocacia tem enorme repercuss\u00e3o.<\/span><\/p><p><span style=\"color: #000000;\">A extens\u00e3o e amplitude das altera\u00e7\u00f5es mudam o cen\u00e1rio trabalhista e processual trabalhista significativamente, e notadamente no que respeita \u00e0 advocacia um passo importante em favor da responsabilidade.\u00a0 De todos os que atuam e interferem no processo judicial e nas rela\u00e7\u00f5es de trabalho. Empregados, Empregadores, advogados, Sindicatos, testemunhas, ju\u00edzes, t\u00eam agora novas imposi\u00e7\u00f5es que exigem destes posturas e modos de agir mais respons\u00e1vel ainda, no sentido da seriedade de sua participa\u00e7\u00e3o. Muito h\u00e1 a avaliar e abordar nas altera\u00e7\u00f5es havidas, pelo que fazermos, como no presente texto, de parte dela \u00e9 adequado. Trato de quest\u00f5es gerais das altera\u00e7\u00f5es e no cap\u00edtulo seguinte sobre quest\u00f5es processuais relacionadas \u00e0 advocacia, \u00e0 inicial, defesa do r\u00e9u e comparecimento das partes, dentre outros tantos aqui n\u00e3o tratados.<\/span><\/p><p>\u00a0<\/p><p><span style=\"color: #000000;\"><strong>III Alguns Aspectos Gerais<\/strong><\/span><\/p><p>\u00a0<\/p><p><span style=\"color: #000000;\">A altera\u00e7\u00e3o legislativa \u00e9 significativamente extensa e complexa abordando quest\u00f5es de direito material do trabalho, processual do trabalho e administrativo do trabalho, sendo que nada se observar\u00e1 acerca deste \u00faltimo, em nosso sentir, de menor relev\u00e2ncia. O enfoque \u00e9 de alguns aspectos do exerc\u00edcio da advocacia.<\/span><\/p><p><span style=\"color: #000000;\">Isto porque s\u00e3o in\u00fameras estas altera\u00e7\u00f5es normativas que tratam de ajustes individuais (diretamente sobre os contratos de trabalho), de ajustes coletivos (por meio de acordos e conven\u00e7\u00f5es), das importantes quest\u00f5es da sucumb\u00eancia, dos acordos extra-judicias, da arbitragem para empregados especiais, prescri\u00e7\u00e3o intercorrente, a nova reg\u00eancia na edi\u00e7\u00e3o de s\u00famulas, a desconsidera\u00e7\u00e3o da personalidade jur\u00eddica, a sucess\u00e3o trabalhista, o grupo econ\u00f4mico, o custeio da a\u00e7\u00e3o, a atualiza\u00e7\u00e3o monet\u00e1ria<\/span><\/p><p><span style=\"color: #000000;\">Inafast\u00e1vel destacar o contexto em que tal se apresenta, no sentido de que se pode, sim, afirmar que se trata de verdadeira rea\u00e7\u00e3o ao excessivo protecionismo praticado pelo Tribunais, notadamente pelo Tribunal Superior do Trabalho, deixando menor espa\u00e7o adequado para parti\u00e7\u00e3o de poderes do estado e agindo como verdadeiro legislador. Na \u00e1rea do direito do trabalho, percebe-se a criativa situa\u00e7\u00e3o de uma nova \u201cesp\u00e9cie\u201d de sistema jur\u00eddico no mundo, h\u00edbrido, quem sabe, entre o sistema da Common Law e o da Civil Law (Romano-germanico). Teoricamente dever\u00edamos no pa\u00eds ser conduzidos pela for\u00e7a normativa da lei e n\u00e3o pela casu\u00edstica, jurisprud\u00eancia ou direito costumeiro. Esta, contudo, n\u00e3o pode ser uma conclus\u00e3o segura ou serena, uma vez que nossa CLT tem 922 artigos e no TST entre S\u00famulas, Enunciados, Precedentes, s\u00e3o mais de 1400 \u201cnormativas\u201d!<\/span><\/p><p><span style=\"color: #000000;\">Talvez o maior e mais evidente exemplo disto que se afirma seja o Enunciado 277, que trata da Ultratividade, quando se op\u00f5e \u00e0 a regra legal expressa no sentido da vig\u00eancia das normas coletivas o ser por prazo determinado! Outro exemplo impressionante \u00e9 o da S\u00famula 244 do mesmo TST, que confere estabilidade \u00e0 gestante, mesmo na t\u00edpica hip\u00f3tese de Contrato por Prazo Determinado, e ap\u00f3s o vencimento do prazo neste previsto e contratado.<\/span><\/p><p><span style=\"color: #000000;\">S\u00e3o apenas duas ululantes situa\u00e7\u00f5es em que se extrapola a condi\u00e7\u00e3o judici\u00e1ria, para criar direitos afrontosamente \u201ccontra legem\u201d, e que distorce e geram inseguran\u00e7a jur\u00eddica insuport\u00e1vel nas rela\u00e7\u00f5es de trabalho.<\/span><\/p><p><span style=\"color: #000000;\">Pois \u00e9 neste ambiente que as hist\u00f3ricas tentativas de atualiza\u00e7\u00e3o normativa, sempre denegadas por motivos diversos e que as reg\u00eancias vigentes identificavam-se dissociadas da realidade contempor\u00e2nea, se apresentam as novas regras.<\/span><\/p><p><span style=\"color: #000000;\">Quando se apresenta o espa\u00e7o pol\u00edtico que enseja reformar, ela vem sim com for\u00e7a e extens\u00e3o. Neste cen\u00e1rio a discuss\u00e3o, por meio da advocacia, judicial das interpreta\u00e7\u00f5es e postura profissional do procurador releva.\u00a0<\/span><\/p><p><span style=\"color: #000000;\">S\u00e3o altera\u00e7\u00f5es no Direito Coletivo e Individual, quer material, quer processual. Todas, em princ\u00edpio, protegendo o que chamamos de \u201cn\u00facleo duro\u201d trabalhista da Constitui\u00e7\u00e3o Federal, notadamente o artigo 7\u00ba. Resguardadas que foram as garantias constitucionais, o \u00e2mbito infraconstitucional domina as altera\u00e7\u00f5es e imp\u00f5e significativas mudan\u00e7as.<\/span><\/p><p><span style=\"color: #000000;\">Ali\u00e1s, importante registrar, que mal estamos interpretando a aplica\u00e7\u00e3o cruzada subsidi\u00e1ria do novo C\u00f3digo de Processo Civil (j\u00e1 nem t\u00e3o novo assim), que ora conta com a novel norma de seu artigo 8\u00ba tratando da aplica\u00e7\u00e3o do mesmo ao processo do trabalho, e j\u00e1 temos outras relevantes quest\u00f5es a avaliar&#8230;<\/span><\/p><p><span style=\"color: #000000;\">A importante possibilidade de distrato entre as partes e a realiza\u00e7\u00e3o de acordo extrajudicial, al\u00e9m do manejo da jurisdi\u00e7\u00e3o volunt\u00e1ria. As dispensas individuais e coletivas. A possibilidade de utiliza\u00e7\u00e3o do importante m\u00e9todo adequado de solu\u00e7\u00e3o de conflitos que \u00e9 a arbitragem para alguns trabalhadores (os que percebam sal\u00e1rios superiores ao dobro do teto de benef\u00edcio previdenci\u00e1rio), a sucess\u00e3o, os grupos econ\u00f4micos. A Corre\u00e7\u00e3o dos enormes abusos praticados contra s\u00f3cios retirantes definindo claramente sua responsabilidade.<\/span><\/p><p><span style=\"color: #000000;\">No \u00e2mbito do processo a imposi\u00e7\u00e3o de novas e importantes responsabilidades, ensejando maior seriedade ao lit\u00edgio ao impor significativas mudan\u00e7as nos requisitos da peti\u00e7\u00e3o inicial. A regula\u00e7\u00e3o da sucumb\u00eancia, da Assist\u00eancia judici\u00e1ria gratuita, momento da produ\u00e7\u00e3o da defesa, as desist\u00eancias, a contagem de prazos conforme j\u00e1 o fez o NCPC. A representa\u00e7\u00e3o da empresa na audi\u00eancia que pode indicar quem queira, pois, afinal por atos deste responder\u00e1. A presen\u00e7a das partes e as consequ\u00eancias de suas aus\u00eancias, a revelia. Na audi\u00eancia a quest\u00e3o da altera\u00e7\u00e3o do \u00f4nus de prova. A litig\u00e2ncia de m\u00e1 f\u00e9 e a penaliza\u00e7\u00e3o \u00e0 testemunha mentirosa.<\/span><\/p><p><span style=\"color: #000000;\">Em especial a simplifica\u00e7\u00e3o da exce\u00e7\u00e3o de incompet\u00eancia, afastando a ocorr\u00eancia de malicioso ajuizamento longe da sede do local de trabalho impondo custos enormes e indevidos ao empregador que l\u00e1 deveria defender-se, mas que acabava por for\u00e7ar a realiza\u00e7\u00e3o de composi\u00e7\u00e3o. A tormentosa quest\u00e3o do Dano extrapatrimonial, sua fixa\u00e7\u00e3o e dimensionamento teto.<\/span><\/p><p><span style=\"color: #000000;\">No que respeita aos recursos, o dep\u00f3sito recursal, o poder do relator no recurso, a transcend\u00eancia do Recurso de Revista, tornaram mais t\u00e9cnico e de mais dif\u00edcil tr\u00e2mite.<\/span><\/p><p><span style=\"color: #000000;\">A mudan\u00e7a relevante no procedimento de cria\u00e7\u00e3o e altera\u00e7\u00e3o dos Tribunais para a formula\u00e7\u00e3o de s\u00famulas, afastando a cria\u00e7\u00e3o de direitos e obriga\u00e7\u00f5es n\u00e3o previstas em lei, estas de compet\u00eancia do poder legislativo. A impossibilidade geral de execu\u00e7\u00e3o de of\u00edcio pelo julgador, garantida, contudo, nas hip\u00f3teses em que o autor n\u00e3o \u00e9 representado por advogado. A atribui\u00e7\u00e3o firme de consequ\u00eancia ao executado com cadastramento em \u00f3rg\u00e3os como SERASA e SPC, al\u00e9m do j\u00e1 vigente Cadastro Nacional de Devedores Trabalhistas, sendo que a execu\u00e7\u00e3o, passa a ser poss\u00edvel de garantia por meio de seguro.\u00a0 A prescri\u00e7\u00e3o intercorrente na execu\u00e7\u00e3o.<\/span><\/p><p><span style=\"color: #000000;\">Esta tentativa, por certo ineficiente e incompleta, de arrolamento da integralidade das mudan\u00e7as \u00e9 feita para que se tenha com clareza e certeza a nova dimens\u00e3o das rela\u00e7\u00f5es do trabalho e processo do trabalho, tudo sob a reg\u00eancia do advogado&#8230;<\/span><\/p><p>\u00a0<\/p><p><span style=\"color: #000000;\"><strong>IV Advocacia no novo processo: Peti\u00e7\u00e3o Inicial, A defesa e o Comparecimento das partes em audi\u00eancia<\/strong><\/span><\/p><p>\u00a0<\/p><p><span style=\"color: #000000;\">A altera\u00e7\u00e3o do T\u00edtulo X, Cap\u00edtulo II, Se\u00e7\u00e3o IV -A, Da Responsabilidade por Dano Processual, no artigo 793-A, B e C s\u00e3o a comprova\u00e7\u00e3o do rec\u00e9m afirmado, acerca da mudan\u00e7a de par\u00e2metro dos lit\u00edgios que ora se imp\u00f5e. A firme penaliza\u00e7\u00e3o do litigante de m\u00e1-f\u00e9 aos titulares do lit\u00edgio e interveniente \u00e9 fundamental. Confesso que em mais de 30 anos de advocacia, me ressinto de haver enfrentado in\u00fameras, qui\u00e7\u00e1 centenas de situa\u00e7\u00f5es que como tal se configuram e que foram relativizadas, sem a devida puni\u00e7\u00e3o correspondente.<\/span><\/p><p><span style=\"color: #000000;\">A reg\u00eancia do artigo 793-A, B e C, espelham a norma processual civil dos artigos 79,80 e 81 no sentido de, com adapta\u00e7\u00e3o terminol\u00f3gica (reclamante e reclamado), trazer para o diploma que regra o Processo do Trabalho regra Processual Civil. J\u00e1 compreendia a mesma como plenamente aplicada ao \u00c2mbito trabalhista, mas que de maneira expressa se afirma. Resta aguardar firmeza na aplica\u00e7\u00e3o das mesmas, por quem de direito.<\/span><\/p><p><span style=\"color: #000000;\">No que toca \u00e0 fixa\u00e7\u00e3o do valor nas causas de valor irris\u00f3rio ou inestim\u00e1vel, contudo, diferentemente do CPC, o limite tem como par\u00e2metro, duas vezes o limite m\u00e1ximo dos benef\u00edcios do Regime Geral de Previd\u00eancia Social, e n\u00e3o em 10 sal\u00e1rios m\u00ednimos como no processo civil, abrandada, portanto, a regra importada.<\/span><\/p><p><span style=\"color: #000000;\">A extens\u00e3o expressa dessas puni\u00e7\u00f5es \u00e0 testemunha que intencionalmente alterar a verdade dos fatos ou omitir fatos essenciais ao julgamento da causa vem em boa hora. Absolutamente comum na tramita\u00e7\u00e3o dos feitos a ocorr\u00eancia de testemunhos diametralmente opostos, o que, por \u00f3bvio evidencia que h\u00e1 falta de verdade nas declara\u00e7\u00f5es, pelo menos por das partes. Responder\u00e3o civil e, quem sabe criminalmente, por falso testemunho. Tudo ensejador de celeridade, por execu\u00e7\u00e3o nos mesmos autos (par\u00e1grafo \u00fanico, do artigo 793, D.).<\/span><\/p><p><span style=\"color: #000000;\">O alterado artigo 800 da CLT, acerca da Exce\u00e7\u00e3o de Incompet\u00eancia em raz\u00e3o do lugar (territorial \u2013 \u201cRacione loci\u201d) traz important\u00edssima e simplificadora altera\u00e7\u00e3o nesta argui\u00e7\u00e3o. Em muitas vezes, irresponsavelmente distribu\u00edda a a\u00e7\u00e3o em foro impr\u00f3prio, obrigava o deslocamento do reclamado, com as despesas correspondentes, ao foro da audi\u00eancia inaugural, sem que a este devesse corresponder o processamento da a\u00e7\u00e3o. Funcionava como medida de indevida press\u00e3o, para indu\u00e7\u00e3o \u00e0 uma concilia\u00e7\u00e3o.<\/span><\/p><p><span style=\"color: #000000;\">A apresenta\u00e7\u00e3o pr\u00e9via \u00e0 realiza\u00e7\u00e3o da audi\u00eancia inaugural \u2013 ato de cart\u00f3rio, secretaria da vara \u2013 e a adequa\u00e7\u00e3o do procedimento pelos par\u00e1grafos que o disciplinam vem em favor da simplifica\u00e7\u00e3o e corre\u00e7\u00e3o do direito de ajuizar. A suspens\u00e3o do processo e a garantia de nova oportunidade para a apresenta\u00e7\u00e3o de defesa de m\u00e9rito \u00e9 da maior import\u00e2ncia e assegura a aplica\u00e7\u00e3o da mesma.\u00a0\u00a0\u00a0<\/span><\/p><p><span style=\"color: #000000;\">O artigo 840, traz altera\u00e7\u00e3o no mesmo sentido de responsabiliza\u00e7\u00e3o antes invocado. A altera\u00e7\u00e3o \u00e9 da corre\u00e7\u00e3o dos destinat\u00e1rios, n\u00e3o mais \u201cPresidente de Junta\u201d, nem explicitando o juiz de direito, mas agora ao ju\u00edzo, ampliando ainda de reclamante e reclamado, para partes.<\/span><\/p><p><span style=\"color: #000000;\">A significativa altera\u00e7\u00e3o, contudo, foi a de adjetivar e delimitar que o pedido agora deve ser \u201ccerto, determinado e com indica\u00e7\u00e3o de seu valor\u201d. Obriga\u00e7\u00e3o inafast\u00e1vel que poder\u00e1 determinar a extin\u00e7\u00e3o sem julgamento de m\u00e9rito (par\u00e1grafo 3\u00ba), se descumprida. Faz mais s\u00e9ria e pontual a formula\u00e7\u00e3o da pe\u00e7a vestibular, imprimindo maior seriedade e seguran\u00e7a \u00e0 pe\u00e7a vestibular. Deve ser apresentada em valor l\u00edquido. \u00c9 sim fundamental que quem vem a ju\u00edzo assim proceda, bem avaliada a pretens\u00e3o e dimensionada concretamente, de modo a possibilitar a adequada formula\u00e7\u00e3o de defesa e exerc\u00edcio do contradit\u00f3rio. A preocupa\u00e7\u00e3o do legislador em deixar a peti\u00e7\u00e3o inicial mais livre, por assim dizer, \u00e9 de outro tempo em que se praticavam reclama\u00e7\u00f5es verbais, sem a participa\u00e7\u00e3o dos profissionais do direito. Por conta do par\u00e1grafo segundo, mantida a reclama\u00e7\u00e3o verbal, perdeu-se a oportunidade de afastamento dessa vetusta e quase extinta hip\u00f3tese. E com raz\u00e3o. Os que eventualmente se aventuravam nesta auto iniciativa, eram resistidos avassaladoramente pelos advers\u00e1rios que invariavelmente se faziam acompanhar para atua\u00e7\u00e3o do profissional do direito, o advogado.<\/span><\/p><p><span style=\"color: #000000;\">Imp\u00f5e ainda avaliar a altera\u00e7\u00e3o no que respeita ao procedimento sumar\u00edssimo, mantido no artigo 852 e suas al\u00edneas (de A a I) e par\u00e1grafos. A exig\u00eancia no tocante ao procedimento sumar\u00edssimo tem como consequ\u00eancia a extin\u00e7\u00e3o sem julgamento de m\u00e9rito e arquivamento do feito, com condena\u00e7\u00e3o ao pagamento de custas. No procedimento ordin\u00e1rio comum (sum\u00e1rio), extingue-se o\/os pedido(s), tamb\u00e9m sem julgamento de m\u00e9rito, prosseguindo o feito relativamente aos demais pedidos. Cr\u00ea-se que h\u00e1 aqui o espa\u00e7o para determina\u00e7\u00e3o de corre\u00e7\u00e3o da inicial em despacho de car\u00e1ter saneador, oportunizando corre\u00e7\u00e3o e assegurando o devido acesso ao Poder Judici\u00e1rio, constitucionalmente assegurado. As determina\u00e7\u00f5es ora estabelecidas s\u00e3o sim de natureza cogente.<\/span><\/p><p><span style=\"color: #000000;\">A novel introdu\u00e7\u00e3o do par\u00e1grafo 3\u00ba ao artigo 841 consolidado \u00e9 norma de adequa\u00e7\u00e3o e equil\u00edbrio entre as partes, explicitando a limita\u00e7\u00e3o da desist\u00eancia da a\u00e7\u00e3o, quando ciente e conhecidos os argumentos da defesa. Tal se apresenta como \u00f3bvia adequa\u00e7\u00e3o.<\/span><\/p><p><span style=\"color: #000000;\">Outra important\u00edssima mudan\u00e7a \u00e9 a regra do 843, que introduz o par\u00e1grafo 3\u00ba, em assimila\u00e7\u00e3o \u00e0 demanda civil. Contrariando entendimento jurisprudencial &#8211; a meu ver absolutamente equivocado \u2013 bem afasta a obrigatoriedade de que o preposto seja empregado do r\u00e9u. Al\u00e9m disso, equipara a liberdade de representa\u00e7\u00e3o ao previsto pelo par\u00e1grafo anterior, em favor do reclamante.<\/span><\/p><p><span style=\"color: #000000;\">Nesse sentido tamb\u00e9m, a altera\u00e7\u00e3o ao 844 da CLT, redisciplinando o comparecimento das partes a ju\u00edzo. Segue protegendo o motivo relevante, antes no par\u00e1grafo \u00fanico da regra. Agrava no seu novel par\u00e1grafo 2\u00ba, no entanto, a aus\u00eancia do reclamante que doravante poder\u00e1 ser onerado com sua injustificada aus\u00eancia. Diz-se assim porque, cautelosamente, enseja a justifica\u00e7\u00e3o legal \u00e0 aus\u00eancia que \u00e9 capaz sim de afastar qualquer penalidade. O n\u00e3o cumprimento da mesma, expressamente prevista pelo par\u00e1grafo 3\u00ba, inviabiliza nova propositura, tratado como condi\u00e7\u00e3o da a\u00e7\u00e3o.<\/span><\/p><p><span style=\"color: #000000;\">J\u00e1 o novo par\u00e1grafo 4\u00ba e seus incisos, maneja a decreta\u00e7\u00e3o do estado de revelia de forma a aludir quando n\u00e3o produz os efeitos da aplica\u00e7\u00e3o da penalidade de confiss\u00e3o ficta, invertendo a l\u00f3gica do antes caput do 844. Os incisos I a IV explicitam as hip\u00f3teses em que h\u00e1 defesa por outro reclamado (I), aproveitando ao ausente, a impossibilidade dessa situa\u00e7\u00e3o quando o lit\u00edgio versar sobre direitos indispon\u00edveis (II), v\u00edcio insuper\u00e1vel da peti\u00e7\u00e3o inicial (III) e incorre\u00e7\u00e3o de alega\u00e7\u00e3o inveross\u00edmil ou contr\u00e1ria \u00e0 prova dos autos(IV).<\/span><\/p><p><span style=\"color: #000000;\">A altera\u00e7\u00e3o quanto \u00e0 apresenta\u00e7\u00e3o da defesa \u00e9 mat\u00e9ria que historicamente invoquei, no sentido de que a clara evid\u00eancia de interesse em se defender pela presen\u00e7a do advogado munido de defesa e seus documentos, haveriam de afastar a decreta\u00e7\u00e3o da revelia. Agora \u00e9 regra, como disposto no par\u00e1grafo 5\u00ba, par\u00e1grafos antecedentes.<\/span><\/p><p><span style=\"color: #000000;\">O artigo 847, explicita a possibilidade de apresenta\u00e7\u00e3o da defesa escrita at\u00e9 a audi\u00eancia, o que agora sim altera a, esta sim, regra legal, antes atropelada pela Resolu\u00e7\u00e3o 136 do CSJT, artigo 29. Antes da altera\u00e7\u00e3o da CLT ora em comento, a contesta\u00e7\u00e3o sempre foi ato de audi\u00eancia, pelo que nela poderia e deveria ser produzido o ato defesa , independentemente do processo eletr\u00f4nico. Sem contar com a possibilidade de defesa oral ser produzida no ato da audi\u00eancia, conforme artigos 844 e 847, de duvidosa remanesc\u00eancia.<\/span><\/p><p><span style=\"color: #000000;\">A altera\u00e7\u00e3o faz com que a defesa possa ser apresentada a qualquer momento antes da audi\u00eancia, podendo ainda ser mantida sob sigilo, at\u00e9 seu desbloqueio pelo julgador em audi\u00eancia, caso presentes as partes e desenvolvimento regular do feito.\u00a0<\/span><\/p><p><span style=\"color: #000000;\">\u00c9 de se registrar ainda que todas estas considera\u00e7\u00f5es est\u00e3o, dentre outras, sendo postas `aprova e avali\u00e7\u00e3o nos lit\u00edgios vigentes, e ainda claramente indefinidas.\u00a0 Os pr\u00f3prios Tribunais n\u00e3o tem\u00a0 esta clareza de aplica\u00e7\u00e3o, apesar das tentativas de uniformiza\u00e7\u00e3o , como o fez o TRT da 4\u00aa Regi\u00e3o ao Realizar a\u00a0 I Jornada sobre a Reforma Trabalhista e que traz conclus\u00f5es interpretativas \u2013 ressalte-se que nenhuma editada \u00e0 unanimidade \u2013 desde\u00a0 10 de novembro de 2017, da\u00ed destacando-se a Comiss\u00e3o 01 acerca de direito intertemporal, repercuss\u00f5es no Direito Material e no Direito Processual, prescri\u00e7\u00e3o trabalhista e\u00a0 intercorrente e a comiss\u00e3o , sobre Acesso \u00e0 justi\u00e7a e justi\u00e7a gratuita , honor\u00e1rios advocat\u00edcios e periciais, litig\u00e2ncia de m\u00e1 f\u00e9 e dano processual. Da mesma forma o Tribunal Superior do Trabalho agendou para fevereiro de 2018 a revis\u00e3o de S\u00famulas e outros, com a finalidade de adequa\u00e7\u00e3o \u00e0s novas regras.<\/span><\/p><p><span style=\"color: #000000;\">Efetivamente das quest\u00f5es mais tormentosas da Reforma, percebo a aplica\u00e7\u00e3o da lei no tempo. Incidem a todos os processos em curso? Somente aplic\u00e1vel aos novos? Segue-se a regra geral que altera\u00e7\u00f5es processuais aplicam-se a processos em curso?\u00a0 em quais situa\u00e7\u00f5es e quais os limites?\u00a0 A mat\u00e9ria \u00e9 complexa e merece artigo espec\u00edfico, indicando, contudo, que parece que a melhor forma de manejo seja a invoca\u00e7\u00e3o da \u201cteoria do isolamento dos atos\u201d, que refere a prote\u00e7\u00e3o ao direito adquirido, ao ato jur\u00eddico perfeito com seus fundamentos.<\/span><\/p><p><span style=\"color: #000000;\">Teremos sim ainda alguns anos de instabilidade at\u00e9 que se consagram as interpreta\u00e7\u00f5es dos novos textos normativos. A avalia\u00e7\u00e3o da MP 808\/17 pelo Congresso Nacional pode ainda trazer in\u00fameras altera\u00e7\u00f5es.<\/span><\/p><p>\u00a0<\/p><p><span style=\"color: #000000;\"><strong>CONCLUS\u00c3O<\/strong><\/span><\/p><p>\u00a0<\/p><p><span style=\"color: #000000;\">No presente artigo est\u00e3o coment\u00e1rios gerais da reforma \u2013 excetuados os de direito administrativo do trabalho- \u00a0acrescentados ou modificados da CLT que est\u00e3o mais diretamente vinculados \u00e0 advocacia e aos noveis requisitos da peti\u00e7\u00e3o inicial, \u00e0 defesa e ao comparecimento das partes em ju\u00edzo.<\/span><\/p><p><span style=\"color: #000000;\">\u00a0\u00c9 fact\u00edvel afirmar, portanto, que a parte processual da chamada Reforma Trabalhista, institu\u00edda pela Lei 13.467\/2017 altera diversos dispositivos da CLT sem se despreocupar com a efetividade do direito fundamental de acesso \u00e0 Justi\u00e7a do Trabalho e os princ\u00edpios fundamentais da cidadania, da dignidade da pessoa humana, do valor social do trabalho e do valor social da livre iniciativa, o que nos autoriza concluir, nesses breves coment\u00e1rios, que a nova lei aponta no sentido da desconstitucionaliza\u00e7\u00e3o do direito processual do trabalho.<\/span><\/p><p><span style=\"color: #000000;\">Nesse sentido, alertamos aos que manejam e aplicam o processo- notadamente os advogados, ju\u00edzes e tribunais trabalhistas para que estejam atentos para a adequada interpreta\u00e7\u00e3o e aplica\u00e7\u00e3o dos novos dispositivos da CLT e n\u00e3o lhes pode faltar coragem e determina\u00e7\u00e3o para adotarem as t\u00e9cnicas da hermen\u00eautica constitucional concretizadora dos direitos e garantias fundamentais, especialmente dos cidad\u00e3os trabalhadores hoje nem t\u00e3o vulner\u00e1veis e hipossuficientes econ\u00f4micos como no passado, mas ainda destinat\u00e1rios de prote\u00e7\u00e3o, os quais t\u00eam na Justi\u00e7a do Trabalho a \u00faltima trincheira para reivindicarem ou resgatarem os seus direitos lesados ou amea\u00e7ados de les\u00e3o. \u00c9 necess\u00e1rio que nos tomemos de esp\u00edrito inovador de modo a corrigir incorre\u00e7\u00f5es e desvirtuamentos que se apresentaram ao longo das \u00faltimas d\u00e9cadas.<\/span><\/p><p>\u00a0<\/p><p><span style=\"color: #000000;\"><strong>VI Refer\u00eancias Bibliograficas<\/strong><\/span><\/p><p><span style=\"color: #000000;\"><strong>\u00a0<\/strong><\/span><\/p><ol><li><span style=\"color: #000000;\">AGUIAR, Ant\u00f4nio Carlos, coordenador e ot. In<strong> Reforma Trabalhista, Aspectos Relevantes. <\/strong>S\u00e3o Paulo, Quartier Latin, 2017.<\/span><\/li><li><span style=\"color: #000000;\">AZEVEDO, Andr\u00e9 Jobim de. <strong>Principio de la indistanciabilidad del control jurisdiccional, otros y Constituici\u00f3n Federal<\/strong>. Revista de Derecho Procesal (Madrid), v. 22, pp. 389-398, 2006.<\/span><\/li><li><span style=\"color: #000000;\">AZEVEDO, Andr\u00e9 Jobim de. <strong>Notas ao Processo de Reforma Trabalhista<\/strong>. Revista Magister de Direito Trabalhista e Previdenci\u00e1rio, Porto Alegre, v. 3, 2004.<\/span><\/li><li><span style=\"color: #000000;\">BARROS, C\u00e1ssio Mesquita. <strong>A Constitui\u00e7\u00e3o Federal de 1988 Interpreta\u00e7\u00e3o. <\/strong>Rio Janeiro: Forense Universit\u00e1ria: Funda\u00e7\u00e3o Don Cabral : Academia Internacional de Direito e Economia, 1988.<\/span><\/li><li><span style=\"color: #000000;\">BOMFIM,V\u00f3lia. <strong>Direito do Trabalho<\/strong>. S\u00e3o Paulo. 13\u00aaed. M\u00e9todo,2017<\/span><\/li><li><span style=\"color: #000000;\">CABANELLAS, Angel Gomez-Iglesias. <strong>La Influencia de Derecho Laboral<\/strong>. Buenos Aires: Bibliogr\u00e1fica Ameba, 1968.<\/span><\/li><li><span style=\"color: #000000;\">CUNHA, Maria in\u00eas Moura. <strong>Direito do Trabalho<\/strong>. S\u00e3o Paulo: Saraiva, 1995.<\/span><\/li><li><span style=\"color: #000000;\">CUEVA, Mario de la. <strong>Derecho Mexicano Del Trabajo<\/strong>, Cidade do M\u00e9xico: Porr\u00faa, 1960.<\/span><\/li><li><span style=\"color: #000000;\">FELICIANO, Guilherme Guimar\u00e3es, Coordenador e ot. <strong>Reforma Trabalhista. Vis\u00e3o, Compreens\u00e3o e Cr\u00edtica.<\/strong> S\u00e3o Paulo: LTR. 2017<\/span><\/li><li><span style=\"color: #000000;\">GARCIA, Gustavo Filipe Barbosa. <strong>Curso de Direito Processual do Trabalho<\/strong>.6\u00aa Ed. Rio de Janeiro: Forense. 2017.<\/span><\/li><li><span style=\"color: #000000;\">GOMES, J\u00falio Manuel Vieira Gomes. <strong>Direito do Trabalho<\/strong>. Coimbra: 2007.<\/span><\/li><li><span style=\"color: #000000;\">GOMES, Orlando Gottschalk Elson, <strong>Curso de Direito do Trabalho<\/strong>. 14\u00aa. Ed, Rio de Janeiro: Editora Forense;\u00a0<\/span><\/li><li><span style=\"color: #000000;\">Leite, Carlos Henrique Bezerra. <strong>Primeiras Linhas de Direito do Trabalho<\/strong>. Curitiba: Juru\u00e1, 1996.<\/span><\/li><li><span style=\"color: #000000;\">KROTOSCHIN, Ernesto. <strong>Instituciones de Derecho Del Trabajo<\/strong>. Buenos Aires: Depalma.<\/span><\/li><li><span style=\"color: #000000;\">MARTINEZ, Pedro Romano. <strong>Direito do Trabalho<\/strong>. 4\u00aa Ed. Lisboa: Almedina. 2007.<\/span><\/li><li><span style=\"color: #000000;\">MARTINS, S\u00e9rgio Pinto. <strong>Coment\u00e1rios \u00e0 CLT<\/strong>. 6\u00aa ed. S\u00e3o Paulo: Atlas, 2003.<\/span><\/li><li><span style=\"color: #000000;\">MARTINS, Sergio Pinto. <strong>Direito do Trabalho<\/strong> &#8211; 33\u00aa. ed. &#8211; S\u00e3o Paulo: Saraiva, 2017.<\/span><\/li><li><span style=\"color: #000000;\">NASCIMENTO, Amauri Mascaro. <strong>Curso de Direito do Trabalho<\/strong>. S\u00e3o Paulo \u2013 Saraiva: 13\u00aa Ed. 1997.<\/span><\/li><li><span style=\"color: #000000;\">OLEA, Manuel Alonso. <strong>Introdu\u00e7\u00e3o ao Direito do Trabalho<\/strong>. Curitiba: Genesis, 1997.<\/span><\/li><li><span style=\"color: #000000;\">RODRIGUEZ, Am\u00e9rico Pl\u00e1. <strong>Princ\u00edpios de Direito do Trabalho<\/strong>. Trad. De Wagner Giglio. S\u00e3o Paulo. Editora, Universidade de S\u00e3o Paulo: 1978.<\/span><\/li><li><span style=\"color: #000000;\">RUSSOMANO, Mozart Victor. <strong>Curso de Direito do Trabalho<\/strong>. 5<sup>a<\/sup>a Edi\u00e7\u00e3o. Curitiba: Juru\u00e1. 1995.<\/span><\/li><li><span style=\"color: #000000;\">STURMER, Gilberto. <strong>Direito Constitucional do Trabalho no Brasil<\/strong>&#8211; S\u00e3o Paulo : Atlas 2014.<\/span><\/li><li><span style=\"color: #000000;\">S\u00dcSSEKIND, Arnaldo.<strong> Direito constitucional do trabalho<\/strong>. Rio de Janeiro: Renovar, 1999.<\/span><\/li><\/ol>\t\t\t\t\t\t<\/div>\n\t\t\t\t<\/div>\n\t\t\t\t\t<\/div>\n\t\t<\/div>\n\t\t\t\t\t<\/div>\n\t\t<\/section>\n\t\t\t\t<\/div>\n\t\t","protected":false},"excerpt":{"rendered":"<p>Andr\u00e9 Jobim de Azevedo I Introdu\u00e7\u00e3o &nbsp;A provoca\u00e7\u00e3o dos colegas coordenadores da obra no que respeita a enfocarmos a reforma sob o ponto de vista da advocacia \u00e9 interessant\u00edssima. Para al\u00e9m dos titulares dos direitos materiais enormemente atualizados e alterados, a reforma trazida pela Lei13467\/17 e sujeita ainda a nova mudan\u00e7a pela avalia\u00e7\u00e3o do incidente &hellip; <\/p>\n<p class=\"link-more\"><a href=\"https:\/\/faracodeazevedo.com.br\/index.php\/2022\/02\/25\/direito-processual-do-trabalho-no-exercicio-da-advocacia-alguns-aspectos-de-destaque-processual\/\" class=\"more-link\">Continue lendo<span class=\"screen-reader-text\"> &#8220;Direito Processual do Trabalho no exerc\u00edcio da advocacia Alguns Aspectos de destaque processual&#8221;<\/span><\/a><\/p>\n","protected":false},"author":6,"featured_media":0,"comment_status":"open","ping_status":"open","sticky":false,"template":"","format":"standard","meta":{"footnotes":""},"categories":[1],"tags":[],"class_list":["post-10094","post","type-post","status-publish","format-standard","hentry","category-sem-categoria","entry"],"_links":{"self":[{"href":"https:\/\/faracodeazevedo.com.br\/index.php\/wp-json\/wp\/v2\/posts\/10094","targetHints":{"allow":["GET"]}}],"collection":[{"href":"https:\/\/faracodeazevedo.com.br\/index.php\/wp-json\/wp\/v2\/posts"}],"about":[{"href":"https:\/\/faracodeazevedo.com.br\/index.php\/wp-json\/wp\/v2\/types\/post"}],"author":[{"embeddable":true,"href":"https:\/\/faracodeazevedo.com.br\/index.php\/wp-json\/wp\/v2\/users\/6"}],"replies":[{"embeddable":true,"href":"https:\/\/faracodeazevedo.com.br\/index.php\/wp-json\/wp\/v2\/comments?post=10094"}],"version-history":[{"count":8,"href":"https:\/\/faracodeazevedo.com.br\/index.php\/wp-json\/wp\/v2\/posts\/10094\/revisions"}],"predecessor-version":[{"id":10102,"href":"https:\/\/faracodeazevedo.com.br\/index.php\/wp-json\/wp\/v2\/posts\/10094\/revisions\/10102"}],"wp:attachment":[{"href":"https:\/\/faracodeazevedo.com.br\/index.php\/wp-json\/wp\/v2\/media?parent=10094"}],"wp:term":[{"taxonomy":"category","embeddable":true,"href":"https:\/\/faracodeazevedo.com.br\/index.php\/wp-json\/wp\/v2\/categories?post=10094"},{"taxonomy":"post_tag","embeddable":true,"href":"https:\/\/faracodeazevedo.com.br\/index.php\/wp-json\/wp\/v2\/tags?post=10094"}],"curies":[{"name":"wp","href":"https:\/\/api.w.org\/{rel}","templated":true}]}}